[{"@context":"https:\/\/schema.org\/","@type":"Article","@id":"https:\/\/www.wispra.cz\/vzdelani-se-precenuje\/#Article","mainEntityOfPage":"https:\/\/www.wispra.cz\/vzdelani-se-precenuje\/","headline":"Vzd\u011bl\u00e1n\u00ed se p\u0159ece\u0148uje","name":"Vzd\u011bl\u00e1n\u00ed se p\u0159ece\u0148uje","description":"V\u0161ichni mus\u00edme m\u00edt n\u011bjak\u00e9 vzd\u011bl\u00e1n\u00ed, proto\u017ee jen ve \u0161kole se nau\u010d\u00edme v\u0161echno to, co denn\u011b ve sv\u00e9m \u017eivot\u011b pot\u0159ebujeme. V\u011bt\u0161ina rodi\u010d\u016f sv\u00e9 d\u011bti nenau\u010d\u00ed takov\u00fd objem l\u00e1tky, jako pr\u00e1v\u011b ve \u0161kole. Ve \u0161kole se nau\u010d\u00edme po\u010d\u00edtat, \u010d\u00edst a spr\u00e1vn\u011b se vyjad\u0159ovat. Zna\u010d\u00edme se tu logicky myslet a z\u00edsk\u00e1me ve \u0161kole spoust dal\u0161\u00edch d\u016fle\u017eit\u00fdch informac\u00ed, kter\u00e9 m\u016f\u017eeme z\u00faro\u010dit v dal\u0161\u00edm studiu. Z\u00e1kladn\u00ed \u0161kola je povinn\u00e1 z t\u011bchto d\u016fvod\u016f, a nem\u011blo by tomu b\u00fdt jinak. Velmi vysok\u00fd pod\u00edl na zd\u011blanosti d\u011bt\u00ed maj\u00ed p\u0159\u00edmo jejich rodi\u010de. \u0160kola nem\u016f\u017ee suplovat p\u00e9\u010di rodi\u010d\u016f, a jsou to hlavn\u011b rodi\u010de, kte\u0159\u00ed by d\u011bti m\u011bli rozv\u00edjet, m\u011bli by se sna\u017eit, aby m\u011bly d\u011bti z\u00e1jem o u\u010divo a o...","datePublished":"2021-09-21","dateModified":"2021-09-21","author":{"@type":"Person","@id":"https:\/\/www.wispra.cz\/author\/#Person","name":"","url":"https:\/\/www.wispra.cz\/author\/","identifier":1,"image":{"@type":"ImageObject","@id":"https:\/\/secure.gravatar.com\/avatar\/99fa2d7bb0ff3369cbf7f1481134d0b6f7aff596e984b7c90a3d99b8b24eb0d8?s=96&d=mm&r=g","url":"https:\/\/secure.gravatar.com\/avatar\/99fa2d7bb0ff3369cbf7f1481134d0b6f7aff596e984b7c90a3d99b8b24eb0d8?s=96&d=mm&r=g","height":96,"width":96}},"publisher":{"@type":"Organization","name":"wispra.cz","logo":{"@type":"ImageObject","@id":"\/logo.png","url":"\/logo.png","width":600,"height":60}},"image":{"@type":"ImageObject","@id":"https:\/\/www.wispra.cz\/wp-content\/uploads\/kids-1093758_640_1.jpg","url":"https:\/\/www.wispra.cz\/wp-content\/uploads\/kids-1093758_640_1.jpg","height":0,"width":0},"url":"https:\/\/www.wispra.cz\/vzdelani-se-precenuje\/","about":["Vzd\u011bl\u00e1n\u00ed"],"wordCount":472,"articleBody":"V\u0161ichni mus\u00edme m\u00edt n\u011bjak\u00e9 vzd\u011bl\u00e1n\u00ed, proto\u017ee jen ve \u0161kole se nau\u010d\u00edme v\u0161echno to, co denn\u011b ve sv\u00e9m \u017eivot\u011b pot\u0159ebujeme. V\u011bt\u0161ina rodi\u010d\u016f sv\u00e9 d\u011bti nenau\u010d\u00ed takov\u00fd objem l\u00e1tky, jako pr\u00e1v\u011b ve \u0161kole. Ve \u0161kole se nau\u010d\u00edme po\u010d\u00edtat, \u010d\u00edst a spr\u00e1vn\u011b se vyjad\u0159ovat. Zna\u010d\u00edme se tu logicky myslet a z\u00edsk\u00e1me ve \u0161kole spoust dal\u0161\u00edch d\u016fle\u017eit\u00fdch informac\u00ed, kter\u00e9 m\u016f\u017eeme z\u00faro\u010dit v dal\u0161\u00edm studiu. Z\u00e1kladn\u00ed \u0161kola je povinn\u00e1 z t\u011bchto d\u016fvod\u016f, a nem\u011blo by tomu b\u00fdt jinak.Velmi vysok\u00fd pod\u00edl na zd\u011blanosti d\u011bt\u00ed maj\u00ed p\u0159\u00edmo jejich rodi\u010de. \u0160kola nem\u016f\u017ee suplovat p\u00e9\u010di rodi\u010d\u016f, a jsou to hlavn\u011b rodi\u010de, kte\u0159\u00ed by d\u011bti m\u011bli rozv\u00edjet, m\u011bli by se sna\u017eit, aby m\u011bly d\u011bti z\u00e1jem o u\u010divo a o v\u0161echno, co by se jim mohlo v \u017eivot\u011b hodit. \u017divot sice nen\u00ed jen o tom denn\u011b str\u00e1vit biflov\u00e1n\u00edm zpam\u011bti skoro v\u0161echen voln\u00fd \u010das, ale rozumnou m\u00edru dom\u00e1c\u00ed p\u0159\u00edpravy by m\u011bli lid\u00e9 s jejich d\u011btmi dodr\u017eovat.Po z\u00e1kladce se d\u011bti hl\u00e1s\u00ed na st\u0159edn\u00ed, a u\u017e te\u010f mus\u00ed v 15 letech v\u011bd\u011bt, jestli p\u016fjdou na vysokou nebo ne. Bohu\u017eel posledn\u00edch n\u011bkolik let z\u00e1pas\u00edme jako spole\u010dnost s trendem, kde zavl\u00e1dlo nepsan\u00e9 pravidlo spole\u010dnost, \u017ee kdo nem\u00e1 vysokou \u0161kolu, je pod \u00farove\u0148. To ale nen\u00ed pravda. Vzd\u011bl\u00e1n\u00ed je jedna v\u011bc a p\u0159irozen\u00fd intelekt je v\u011bc druh\u00e1. Proto vzniklo r\u010den\u00ed, \u017ee i in\u017een\u00fdr m\u016f\u017ee b\u00fdt blbec. A pr\u00e1v\u011b ten p\u0159irozen\u00fd intelekt je t\u0159eba procvi\u010dovat.Nez\u00e1le\u017e\u00ed a\u017e tak na \u0161kolePro mnoho profes\u00ed je pot\u0159eba vysok\u00e1 \u0161kola, to je prost\u011b fakt. Asi byste necht\u011bli aby v\u00e1m operoval slep\u00e1 n\u011bkdo, kdo je vyu\u010den\u00fd cukr\u00e1\u0159. Nicm\u00e9n\u011b i ten cukr\u00e1\u0159 m\u016f\u017ee b\u00fdt inteligentn\u00ed a p\u0159esto se \u017eivit rukama. Nen\u00ed v \u017e\u00e1dn\u00e9m p\u0159\u00edpad\u011b ostuda nem\u00edt vysokou \u0161kolu, ale jen vyu\u010den\u00ed. Ale i ve v\u00fdu\u010dn\u00edm oboru je pot\u0159eba intelekt. D\u00edky n\u011bmu p\u016fjde \u017e\u00e1kovi u\u010den\u00ed l\u00e9pe, snadno pochyt\u00ed co pot\u0159ebuje, a u z\u00e1kazn\u00edk\u016f nebude za blba, kter\u00fd ned\u00e1 dohromady v\u011btu, kter\u00e1 by d\u00e1vala smysl.Nenu\u0165te d\u011bti za ka\u017edou cenu na vysokou, kdy\u017e na ni nemaj\u00ed nebo necht\u011bj\u00ed. V\u011bnujte se jim odmala, rozv\u00edjejte jejich intelekt a podporujte je ve v\u0161em, co budou cht\u00edt d\u011blat. Jen tak budeme m\u00edt zdrav\u011b sebev\u011bdomou inteligentn\u00ed spole\u010dnost.                                                                                                                                                                                                                                                                                                                                                                                                "},{"@context":"https:\/\/schema.org\/","@type":"BreadcrumbList","itemListElement":[{"@type":"ListItem","position":1,"name":"Vzd\u011bl\u00e1n\u00ed se p\u0159ece\u0148uje","item":"https:\/\/www.wispra.cz\/vzdelani-se-precenuje\/#breadcrumbitem"}]}]