[{"@context":"https:\/\/schema.org\/","@type":"Article","@id":"https:\/\/www.wispra.cz\/prijemne-klima-po-cely-rok\/#Article","mainEntityOfPage":"https:\/\/www.wispra.cz\/prijemne-klima-po-cely-rok\/","headline":"P\u0159\u00edjemn\u00e9 klima po cel\u00fd rok","name":"P\u0159\u00edjemn\u00e9 klima po cel\u00fd rok","description":"Modern\u00ed zimn\u00ed zahrady ji\u017e v dne\u0161n\u00ed dob\u011b nab\u00edz\u00ed p\u0159\u00edjemn\u00e9 klima doopravdy po cel\u00fd rok. Nemus\u00edte se v\u016fbec ob\u00e1vat, \u017ee v letn\u00edch m\u011bs\u00edc\u00edch se zde nebude d\u00e1t pob\u00fdvat d\u00edky obrovsk\u00fdm teplot\u00e1m a naopak v tuh\u00fdch mrazech V\u00e1m v dan\u00e9m prostoru bude velmi chladno. Tento stav doopravdy nehroz\u00ed. V dan\u00e9m prostoru budete m\u00edt p\u0159\u00edjemn\u00e9 klima po cel\u00fd rok. Tuto skute\u010dnost ocen\u00edte nejen Vy, ale budou nad\u0161en\u00e9 rovn\u011b\u017e Va\u0161e nejr\u016fzn\u011bj\u0161\u00ed rostliny a kv\u011btiny. V\u011b\u0159\u00edme, \u017ee jich doma nem\u00e1te m\u00e1lo. Uvid\u00edte, \u017ee se jim bude neskute\u010dn\u011b dob\u0159e da\u0159it. Odm\u011bn\u00ed V\u00e1s zcela ur\u010dit\u011b kr\u00e1snou v\u016fn\u00ed. Modern\u00ed sklen\u011bn\u00e1 konstrukce Zimn\u00ed zahrady jsou dnes doopravdy velmi luxusn\u00ed stavby. V\u011b\u0159\u00edme, \u017ee dovedou uspokojit i ty nejn\u00e1ro\u010dn\u011bj\u0161\u00ed z\u00e1kazn\u00edky. Modern\u00ed...","datePublished":"2025-08-25","dateModified":"2025-08-25","author":{"@type":"Person","@id":"https:\/\/www.wispra.cz\/author\/#Person","name":"","url":"https:\/\/www.wispra.cz\/author\/","identifier":1,"image":{"@type":"ImageObject","@id":"https:\/\/secure.gravatar.com\/avatar\/99fa2d7bb0ff3369cbf7f1481134d0b6f7aff596e984b7c90a3d99b8b24eb0d8?s=96&d=mm&r=g","url":"https:\/\/secure.gravatar.com\/avatar\/99fa2d7bb0ff3369cbf7f1481134d0b6f7aff596e984b7c90a3d99b8b24eb0d8?s=96&d=mm&r=g","height":96,"width":96}},"publisher":{"@type":"Organization","name":"wispra.cz","logo":{"@type":"ImageObject","@id":"\/logo.png","url":"\/logo.png","width":600,"height":60}},"url":"https:\/\/www.wispra.cz\/prijemne-klima-po-cely-rok\/","wordCount":205,"articleBody":"Modern\u00ed zimn\u00ed zahrady ji\u017e v dne\u0161n\u00ed dob\u011b nab\u00edz\u00ed p\u0159\u00edjemn\u00e9 klima doopravdy po cel\u00fd rok. Nemus\u00edte se v\u016fbec ob\u00e1vat, \u017ee v letn\u00edch m\u011bs\u00edc\u00edch se zde nebude d\u00e1t pob\u00fdvat d\u00edky obrovsk\u00fdm teplot\u00e1m a naopak v tuh\u00fdch mrazech V\u00e1m v dan\u00e9m prostoru bude velmi chladno. Tento stav doopravdy nehroz\u00ed. V dan\u00e9m prostoru budete m\u00edt p\u0159\u00edjemn\u00e9 klima po cel\u00fd rok. Tuto skute\u010dnost ocen\u00edte nejen Vy, ale budou nad\u0161en\u00e9 rovn\u011b\u017e Va\u0161e nejr\u016fzn\u011bj\u0161\u00ed rostliny a kv\u011btiny. V\u011b\u0159\u00edme, \u017ee jich doma nem\u00e1te m\u00e1lo. Uvid\u00edte, \u017ee se jim bude neskute\u010dn\u011b dob\u0159e da\u0159it. Odm\u011bn\u00ed V\u00e1s zcela ur\u010dit\u011b kr\u00e1snou v\u016fn\u00ed. Modern\u00ed sklen\u011bn\u00e1 konstrukce Zimn\u00ed zahrady jsou dnes doopravdy velmi luxusn\u00ed stavby. V\u011b\u0159\u00edme, \u017ee dovedou uspokojit i ty nejn\u00e1ro\u010dn\u011bj\u0161\u00ed z\u00e1kazn\u00edky. Modern\u00ed sklen\u011bn\u00e9 konstrukce jsou velmi bezpe\u010dn\u00e9 a z\u00e1rove\u0148 jsou vyrobeny z kvalitn\u00edch materi\u00e1l\u016f. Dlouh\u00e1 \u017eivotnost je samoz\u0159ejmost\u00ed. Investice se V\u00e1m ur\u010dit\u011b vyplat\u00ed. Z\u00edsk\u00e1te p\u0159ekr\u00e1sn\u00fd prostor k relaxaci, kter\u00fd bude mo\u017en\u00e9 vyu\u017e\u00edvat doopravdy po cel\u00fd rok.                                                                                                                                                                                                                                                                                                                                                                                                "},{"@context":"https:\/\/schema.org\/","@type":"BreadcrumbList","itemListElement":[{"@type":"ListItem","position":1,"name":"P\u0159\u00edjemn\u00e9 klima po cel\u00fd rok","item":"https:\/\/www.wispra.cz\/prijemne-klima-po-cely-rok\/#breadcrumbitem"}]}]