[{"@context":"https:\/\/schema.org\/","@type":"Article","@id":"https:\/\/www.wispra.cz\/myticke-slovanske-bytosti\/#Article","mainEntityOfPage":"https:\/\/www.wispra.cz\/myticke-slovanske-bytosti\/","headline":"M\u00fdtick\u00e9 slovansk\u00e9 bytosti","name":"M\u00fdtick\u00e9 slovansk\u00e9 bytosti","description":"LE\u0160IJ V\u011bt\u0161ina t\u011bchto bytost\u00ed nejsou k \u010dlov\u011bku vl\u00eddn\u00e9, a naopak se sna\u017e\u00ed ztrp\u010dit jim \u017eivot. Ani le\u0161ij nen\u00ed \u017e\u00e1dnou v\u00fdjimkou, a to navzdory jeho lidsk\u00e9 form\u011b, kter\u00e1 p\u0159ipom\u00edn\u00e1 star\u00e9ho d\u011bde\u010dka s v\u00fdrazn\u00fdmi zelen\u00fdmi o\u010di. Jedn\u00e1 se o lesn\u00edho mu\u017e\u00edka neboli lesn\u00edho d\u00e9mona. Jeho nelidsk\u00e1 podoba p\u0159ipom\u00edn\u00e1 strom, u kter\u00e9ho se us\u00eddlil. Vlasy jsou dlouh\u00e9 a zelen\u00e9, t\u011blo p\u0159ipom\u00edn\u00e1 kmen a vysok\u00fd je tak, jako s\u00e1m strom. N\u00e1pln\u00ed jeho dne je un\u00e1\u0161et mlad\u00e9 d\u011bti a d\u00edvky, kter\u00e9 dr\u017e\u00ed v lese n\u011bkolik t\u00fddn\u016f a vrac\u00ed je zp\u011bt zneuct\u011bn\u00e9. DOMOVOJ Jak u\u017e napov\u00edd\u00e1 n\u00e1zev je to jedna z t\u011bch hodn\u011bj\u0161\u00edch bytost\u00ed. S\u00eddl\u00ed u dom\u016f a funguje jako dom\u00e1c\u00ed sk\u0159\u00edtek, kter\u00fd pom\u00e1h\u00e1, a hlavn\u011b...","datePublished":"2019-06-20","dateModified":"2023-05-06","author":{"@type":"Person","@id":"https:\/\/www.wispra.cz\/author\/#Person","name":"","url":"https:\/\/www.wispra.cz\/author\/","identifier":1,"image":{"@type":"ImageObject","@id":"https:\/\/secure.gravatar.com\/avatar\/99fa2d7bb0ff3369cbf7f1481134d0b6f7aff596e984b7c90a3d99b8b24eb0d8?s=96&d=mm&r=g","url":"https:\/\/secure.gravatar.com\/avatar\/99fa2d7bb0ff3369cbf7f1481134d0b6f7aff596e984b7c90a3d99b8b24eb0d8?s=96&d=mm&r=g","height":96,"width":96}},"publisher":{"@type":"Organization","name":"wispra.cz","logo":{"@type":"ImageObject","@id":"\/logo.png","url":"\/logo.png","width":600,"height":60}},"image":{"@type":"ImageObject","@id":"https:\/\/www.wispra.cz\/wp-content\/uploads\/img_a347475_w2652_t1561881379.jpg","url":"https:\/\/www.wispra.cz\/wp-content\/uploads\/img_a347475_w2652_t1561881379.jpg","height":0,"width":0},"url":"https:\/\/www.wispra.cz\/myticke-slovanske-bytosti\/","about":["Vzd\u011bl\u00e1n\u00ed"],"wordCount":472,"articleBody":"LE\u0160IJV\u011bt\u0161ina t\u011bchto bytost\u00ed nejsou k \u010dlov\u011bku vl\u00eddn\u00e9, a naopak se sna\u017e\u00ed ztrp\u010dit jim \u017eivot. Ani le\u0161ij nen\u00ed \u017e\u00e1dnou v\u00fdjimkou, a to navzdory jeho lidsk\u00e9 form\u011b, kter\u00e1 p\u0159ipom\u00edn\u00e1 star\u00e9ho d\u011bde\u010dka s v\u00fdrazn\u00fdmi zelen\u00fdmi o\u010di. Jedn\u00e1 se o lesn\u00edho mu\u017e\u00edka neboli lesn\u00edho d\u00e9mona. Jeho nelidsk\u00e1 podoba p\u0159ipom\u00edn\u00e1 strom, u kter\u00e9ho se us\u00eddlil. Vlasy jsou dlouh\u00e9 a zelen\u00e9, t\u011blo p\u0159ipom\u00edn\u00e1 kmen a vysok\u00fd je tak, jako s\u00e1m strom. N\u00e1pln\u00ed jeho dne je un\u00e1\u0161et mlad\u00e9 d\u011bti a d\u00edvky, kter\u00e9 dr\u017e\u00ed v lese n\u011bkolik t\u00fddn\u016f a vrac\u00ed je zp\u011bt zneuct\u011bn\u00e9.DOMOVOJJak u\u017e napov\u00edd\u00e1 n\u00e1zev je to jedna z t\u011bch hodn\u011bj\u0161\u00edch bytost\u00ed. S\u00eddl\u00ed u dom\u016f a funguje jako dom\u00e1c\u00ed sk\u0159\u00edtek, kter\u00fd pom\u00e1h\u00e1, a hlavn\u011b chr\u00e1n\u00ed dom\u00e1cnost. Je spojov\u00e1n s du\u0161emi p\u0159edk\u016f a taky s k n\u011bmu v\u00e1\u017ee spoustu ritu\u00e1l\u016f jako nap\u0159\u00edklad nab\u00edzen\u00ed j\u00eddla.KIKIMORAProt\u011bj\u0161ek domovoje, op\u011bt z\u00e1porn\u00e1 postava. M\u016f\u017eeme jej p\u0159irovnat k no\u010dn\u00edm m\u016f\u0159e. Nej\u010dast\u011bji m\u00e1 podobu \u017eeny.SUDI\u010cKAUr\u010dit\u011b zn\u00e1te n\u011bkolik poh\u00e1dek, kde sudi\u010dka odehr\u00e1la z\u00e1sadn\u00ed roli v \u017eivot\u011b hrdiny. A pr\u00e1v\u011b o t\u011bchto postav\u00e1ch je \u0159e\u010d. \u0158\u00edk\u00e1 se jim &ldquo;d\u00e9mon osudu&rdquo; objevuj\u00ed se zpravidla ve trojici a spole\u010dn\u011b ur\u010duj\u00ed osud novorozence.POLEVIKTato bytost se poj\u00ed nejv\u00edc s rusk\u00fdm folklorem. Je to duch ob\u00edl\u00ed, jeho\u017e mor\u00e1ln\u00ed stanovisko nen\u00ed ur\u010deno. Nab\u00edr\u00e1 n\u011bkolik podob v r\u016fzn\u00fdch \u00fazemn\u00edch celc\u00edch. N\u011bkte\u0159\u00ed jsou hodn\u00ed a n\u011bkte\u0159\u00ed ji\u017e m\u00e9n\u011b. V\u00fdjime\u010dnou postavou je Kos\u00ed\u0159ka, kter\u00e1 si libuje v zad\u00e1v\u00e1n\u00ed h\u00e1danek.BABA JAGA&nbsp;Baba jaga jinak je\u017eibaba je stejn\u011b jako sudi\u010dka velmi zn\u00e1m\u00e1 poh\u00e1dkov\u00e1 postava. Je to star\u00e1 \u017eena, kterou v\u017edy n\u00e1sleduje \u010dern\u00e1 ko\u010dka a havran. Je to samoz\u0159ejm\u011b z\u00e1porn\u00e1 postava a obvykle velmi siln\u00e1 a moudr\u00e1 bohu\u017eel i velmi krut\u00e1.UP\u00cdRO tomto stvo\u0159en\u00ed jste ur\u010dit\u011b sly\u0161eli, ale na rozd\u00edl od Edwarda ze Stm\u00edv\u00e1n\u00ed je tato postava zl\u00e1 a z\u00e1ke\u0159n\u00e1 a vzhledov\u011b nep\u0159ita\u017eliv\u00ed. Podle slovansk\u00e9 mytologie jsou to lid\u00e9, kte\u0159\u00ed zem\u0159eli ne\u010dist\u00fdm zp\u016fsobem. Takov\u00e9to zp\u016fsoby jsou nap\u0159\u00edklad sebevra\u017eda anebo poprava. Samoz\u0159ejm\u011b se \u017eiv\u00ed lidskou krv\u00ed. Nem\u016f\u017eou um\u0159\u00edt p\u0159irozenou smrt\u00ed, a proto jsou t\u00e9m\u011b\u0159 nesmrteln\u00ed. \u010casto b\u00fdvaj\u00ed pokryt\u00ed srst\u00ed a maj\u00ed zmij\u00ed jazyk. Mimo jin\u00e9 tak\u00e9 nemaj\u00ed nos.                                                                                                                                                                                                                                                                                                                                                                                        4.3\/5 - (15 votes)        "},{"@context":"https:\/\/schema.org\/","@type":"BreadcrumbList","itemListElement":[{"@type":"ListItem","position":1,"name":"M\u00fdtick\u00e9 slovansk\u00e9 bytosti","item":"https:\/\/www.wispra.cz\/myticke-slovanske-bytosti\/#breadcrumbitem"}]}]