[{"@context":"https:\/\/schema.org\/","@type":"Article","@id":"https:\/\/www.wispra.cz\/kde-vznika-krasa\/#Article","mainEntityOfPage":"https:\/\/www.wispra.cz\/kde-vznika-krasa\/","headline":"Kde vznik\u00e1 kr\u00e1sa?","name":"Kde vznik\u00e1 kr\u00e1sa?","description":"Jsou v\u011bci, bez kter\u00fdch se lid\u00e9 v \u017eivot\u011b jednozna\u010dn\u011b neobejdou, v\u011bci, kter\u00e9 se prost\u011b mus\u00ed m\u00edt, aby \u010dlov\u011bk p\u0159e\u017eil. Ale nejen tyto je z\u00e1hodno m\u00edt, aby byl na\u0161inec uspokojen. Civilizovan\u00fd \u010dlov\u011bk pot\u0159ebuje p\u0159ece jenom je\u0161t\u011b n\u011bco nav\u00edc. A sice n\u011bco, co je krom\u011b sv\u00e9 funk\u010dnosti i kr\u00e1sn\u00e9. Nebo co je dokonce jenom kr\u00e1sn\u00e9 a \u017e\u00e1dn\u00fd jin\u00fd u\u017eitek z toho ani nen\u00ed. Zkr\u00e1tka a dob\u0159e je n\u00e1m zapot\u0159eb\u00ed i n\u011bco, co n\u00e1s polask\u00e1 na du\u0161i, co lahod\u00ed na\u0161emu oku. A proto\u017ee je n\u00e1m to zapot\u0159eb\u00ed, nejednou si to po\u0159izujeme. A kde se pr\u00e1v\u011b to posledn\u011b zm\u00edn\u011bn\u00e9, tedy to, co uspokojuje na\u0161e estetick\u00e9 pot\u0159eby, bere? To je r\u016fzn\u00e9. Jsou ozdobn\u00e9 a dekorativn\u00ed...","datePublished":"2021-05-28","dateModified":"2023-05-06","author":{"@type":"Person","@id":"https:\/\/www.wispra.cz\/author\/#Person","name":"","url":"https:\/\/www.wispra.cz\/author\/","identifier":1,"image":{"@type":"ImageObject","@id":"https:\/\/secure.gravatar.com\/avatar\/99fa2d7bb0ff3369cbf7f1481134d0b6f7aff596e984b7c90a3d99b8b24eb0d8?s=96&d=mm&r=g","url":"https:\/\/secure.gravatar.com\/avatar\/99fa2d7bb0ff3369cbf7f1481134d0b6f7aff596e984b7c90a3d99b8b24eb0d8?s=96&d=mm&r=g","height":96,"width":96}},"publisher":{"@type":"Organization","name":"wispra.cz","logo":{"@type":"ImageObject","@id":"\/logo.png","url":"\/logo.png","width":600,"height":60}},"image":{"@type":"ImageObject","@id":"https:\/\/www.wispra.cz\/wp-content\/uploads\/%C4%8Derven%C3%BD%20zvonek.jpg","url":"https:\/\/www.wispra.cz\/wp-content\/uploads\/%C4%8Derven%C3%BD%20zvonek.jpg","height":0,"width":0},"url":"https:\/\/www.wispra.cz\/kde-vznika-krasa\/","about":["Slu\u017eby"],"wordCount":443,"articleBody":"   Jsou v\u011bci, bez kter\u00fdch se lid\u00e9 v \u017eivot\u011b jednozna\u010dn\u011b neobejdou, v\u011bci, kter\u00e9 se prost\u011b mus\u00ed m\u00edt, aby \u010dlov\u011bk p\u0159e\u017eil. Ale nejen tyto je z\u00e1hodno m\u00edt, aby byl na\u0161inec uspokojen. Civilizovan\u00fd \u010dlov\u011bk pot\u0159ebuje p\u0159ece jenom je\u0161t\u011b n\u011bco nav\u00edc. A sice n\u011bco, co je krom\u011b sv\u00e9 funk\u010dnosti i kr\u00e1sn\u00e9. Nebo co je dokonce jenom kr\u00e1sn\u00e9 a \u017e\u00e1dn\u00fd jin\u00fd u\u017eitek z toho ani nen\u00ed.Zkr\u00e1tka a dob\u0159e je n\u00e1m zapot\u0159eb\u00ed i n\u011bco, co n\u00e1s polask\u00e1 na du\u0161i, co lahod\u00ed na\u0161emu oku. A proto\u017ee je n\u00e1m to zapot\u0159eb\u00ed, nejednou si to po\u0159izujeme.A kde se pr\u00e1v\u011b to posledn\u011b zm\u00edn\u011bn\u00e9, tedy to, co uspokojuje na\u0161e estetick\u00e9 pot\u0159eby, bere? To je r\u016fzn\u00e9. Jsou ozdobn\u00e9 a dekorativn\u00ed p\u0159edm\u011bty, kter\u00e9 se vyr\u00e1b\u00ed n\u011bkde v tov\u00e1rn\u00e1ch s\u00e9riov\u011b, ve velk\u00e9m mno\u017estv\u00ed, a jsou tu i ru\u010dn\u00ed v\u00fdrobky, kter\u00e9 n\u00e1m nab\u00edz\u00ed Selvintech a kter\u00e9 jsou co kus, to unik\u00e1t.Pro co z toho se rozhodnout? To pochopiteln\u011b z\u00e1le\u017e\u00ed na ka\u017ed\u00e9m z n\u00e1s. N\u011bkdo m\u00e1 rad\u011bji ony tuctov\u00e9 p\u0159edm\u011bty, kter\u00e9 m\u016f\u017ee m\u00edt kdekdo, a to p\u0159edev\u0161\u00edm proto, \u017ee jejich velkov\u00fdroba zaji\u0161\u0165uje ni\u017e\u0161\u00ed ceny, a n\u011bkdo si prost\u011b sp\u00ed\u0161e p\u0159iplat\u00ed a po\u0159\u00edd\u00ed si n\u011bco, co je jedine\u010dn\u00e9, ru\u010dn\u011b ud\u011blan\u00e9, co nem\u00e1 nikdo jin\u00fd.Selvintech pak lidem nab\u00edz\u00ed p\u0159esn\u011b to, co m\u00e1 d\u00edky sv\u00e9mu manu\u00e1ln\u00edmu zhotoven\u00ed svoji hodnotu. Zam\u011bstn\u00e1v\u00e1 lidi, kte\u0159\u00ed dok\u00e1\u017eou skute\u010dn\u011b hodnotn\u00e9 ozdobn\u00e9 a dekorativn\u00ed p\u0159edm\u011bty vyr\u00e1b\u011bt, a jimi doma zhotovovan\u00e9 v\u00fdrobky nab\u00edz\u00ed pr\u00e1v\u011b t\u011bm, kdo cht\u011bj\u00ed m\u00edt n\u011bco extra. A to nejen u n\u00e1s, ale i v jin\u00fdch zem\u00edch Evropsk\u00e9 unie, kde je popt\u00e1vka po pr\u00e1v\u011b takov\u00e9m sortimentu velk\u00e1 a st\u00e1le nar\u016fstaj\u00edc\u00ed.Pokud byste tedy i vy cht\u011bli n\u011bco opravdu cenn\u00e9ho a kr\u00e1sn\u00e9ho z\u00e1rove\u0148, usp\u011bjete tu. Stoprocentn\u011b se tu pro v\u00e1s najde to prav\u00e9. To, co si po\u0159izuj\u00ed skute\u010dn\u00ed znalci, to, co je nejdokonalej\u0161\u00ed z toho dokonal\u00e9ho.A klidn\u011b si tu m\u016f\u017eete nechat n\u011bco ud\u011blat i na m\u00edru, podle vlastn\u00edch p\u0159edstav, t\u0159eba k propagaci va\u0161eho podnik\u00e1n\u00ed a podobn\u011b. Ur\u010dit\u011b t\u00edm nebude nikdo zklam\u00e1n.                                                                                                                                                                                                                                                                                                                                                                                          4.1\/5 - (12 votes)        "},{"@context":"https:\/\/schema.org\/","@type":"BreadcrumbList","itemListElement":[{"@type":"ListItem","position":1,"name":"Kde vznik\u00e1 kr\u00e1sa?","item":"https:\/\/www.wispra.cz\/kde-vznika-krasa\/#breadcrumbitem"}]}]